{"id":3070,"date":"2024-08-12T11:07:52","date_gmt":"2024-08-12T11:07:52","guid":{"rendered":"https:\/\/agbiosupply.com\/?p=3070"},"modified":"2024-08-12T15:28:09","modified_gmt":"2024-08-12T15:28:09","slug":"avances-en-iluminacion-led-horticola-anos-de-innovacion-y-efectos-en-el-crecimiento-de-arabidopsis-thaliana","status":"publish","type":"post","link":"https:\/\/agbiosupply.com\/index.php\/2024\/08\/12\/avances-en-iluminacion-led-horticola-anos-de-innovacion-y-efectos-en-el-crecimiento-de-arabidopsis-thaliana\/","title":{"rendered":"Avances en iluminaci\u00f3n LED Hort\u00edcola: A\u00f1os de innovaci\u00f3n y efectos en el crecimiento de Arabidopsis Thaliana"},"content":{"rendered":"\t\t<div data-elementor-type=\"wp-post\" data-elementor-id=\"3070\" class=\"elementor elementor-3070\">\n\t\t\t\t<div class=\"elementor-element elementor-element-1474c71b e-flex e-con-boxed wpr-particle-no wpr-jarallax-no wpr-parallax-no wpr-sticky-section-no wpr-equal-height-no e-con e-parent\" data-id=\"1474c71b\" data-element_type=\"container\" data-e-type=\"container\" data-settings=\"{&quot;background_background&quot;:&quot;classic&quot;}\">\n\t\t\t\t\t<div class=\"e-con-inner\">\n\t\t\t\t<div class=\"elementor-element elementor-element-3c7a5c elementor-widget elementor-widget-heading\" data-id=\"3c7a5c\" data-element_type=\"widget\" data-e-type=\"widget\" data-widget_type=\"heading.default\">\n\t\t\t\t<div class=\"elementor-widget-container\">\n\t\t\t\t\t<h6 class=\"elementor-heading-title elementor-size-xxl\">Avances en iluminaci\u00f3n LED Hort\u00edcola: <\/h6>\t\t\t\t<\/div>\n\t\t\t\t<\/div>\n\t\t\t\t\t<\/div>\n\t\t\t\t<\/div>\n\t\t<div class=\"elementor-element elementor-element-405025b e-flex e-con-boxed wpr-particle-no wpr-jarallax-no wpr-parallax-no wpr-sticky-section-no wpr-equal-height-no e-con e-parent\" data-id=\"405025b\" data-element_type=\"container\" data-e-type=\"container\" data-settings=\"{&quot;background_background&quot;:&quot;classic&quot;}\">\n\t\t\t\t\t<div class=\"e-con-inner\">\n\t\t\t\t<div class=\"elementor-element elementor-element-afa5b60 elementor-widget elementor-widget-heading\" data-id=\"afa5b60\" data-element_type=\"widget\" data-e-type=\"widget\" data-widget_type=\"heading.default\">\n\t\t\t\t<div class=\"elementor-widget-container\">\n\t\t\t\t\t<h6 class=\"elementor-heading-title elementor-size-xxl\">A\u00f1os de innovaci\u00f3n y efectos en el crecimiento de Arabidopsis Thaliana<\/h6>\t\t\t\t<\/div>\n\t\t\t\t<\/div>\n\t\t\t\t\t<\/div>\n\t\t\t\t<\/div>\n\t\t<div class=\"elementor-element elementor-element-8e7c8ce e-flex e-con-boxed wpr-particle-no wpr-jarallax-no wpr-parallax-no wpr-sticky-section-no wpr-equal-height-no e-con e-parent\" data-id=\"8e7c8ce\" data-element_type=\"container\" data-e-type=\"container\">\n\t\t\t\t\t<div class=\"e-con-inner\">\n\t\t\t\t<div class=\"elementor-element elementor-element-da8c8f0 elementor-widget elementor-widget-text-editor\" data-id=\"da8c8f0\" data-element_type=\"widget\" data-e-type=\"widget\" data-widget_type=\"text-editor.default\">\n\t\t\t\t<div class=\"elementor-widget-container\">\n\t\t\t\t\t\t\t\t\t<p><strong>Introducci\u00f3n<\/strong><\/p>\n<p><!-- \/wp:paragraph --><!-- wp:paragraph --><\/p>\n<p>En el campo de la tecnolog\u00eda agr\u00edcola y hort\u00edcola, la iluminaci\u00f3n LED ha revolucionado la forma en que cultivamos plantas, especialmente en entornos controlados como invernaderos y cultivos interiores. Desde el a\u00f1o pasado, ha habido avances significativos en el desarrollo y aplicaci\u00f3n de sistemas de iluminaci\u00f3n LED hort\u00edcola. Estos avances est\u00e1n transformando el cultivo de plantas al ofrecer soluciones m\u00e1s eficientes y personalizables para satisfacer las necesidades espec\u00edficas de diferentes especies vegetales. En este art\u00edculo, exploraremos los recientes avances en iluminaci\u00f3n LED hort\u00edcola y su impacto en el crecimiento \u00f3ptimo de <em>Arabidopsis thaliana<\/em>, una planta modelo fundamental en la investigaci\u00f3n bot\u00e1nica.<\/p>\t\t\t\t\t\t\t\t<\/div>\n\t\t\t\t<\/div>\n\t\t\t\t\t<\/div>\n\t\t\t\t<\/div>\n\t\t<div class=\"elementor-element elementor-element-9a5facd e-flex e-con-boxed wpr-particle-no wpr-jarallax-no wpr-parallax-no wpr-sticky-section-no wpr-equal-height-no e-con e-parent\" data-id=\"9a5facd\" data-element_type=\"container\" data-e-type=\"container\" data-settings=\"{&quot;background_background&quot;:&quot;classic&quot;}\">\n\t\t\t\t\t<div class=\"e-con-inner\">\n\t\t\t\t<div class=\"elementor-element elementor-element-83438bf elementor-widget elementor-widget-heading\" data-id=\"83438bf\" data-element_type=\"widget\" data-e-type=\"widget\" data-widget_type=\"heading.default\">\n\t\t\t\t<div class=\"elementor-widget-container\">\n\t\t\t\t\t<h6 class=\"elementor-heading-title elementor-size-xxl\">Avances Recientes en Iluminaci\u00f3n LED Hort\u00edcola<\/h6>\t\t\t\t<\/div>\n\t\t\t\t<\/div>\n\t\t\t\t\t<\/div>\n\t\t\t\t<\/div>\n\t\t<div class=\"elementor-element elementor-element-49e57f7 e-flex e-con-boxed wpr-particle-no wpr-jarallax-no wpr-parallax-no wpr-sticky-section-no wpr-equal-height-no e-con e-parent\" data-id=\"49e57f7\" data-element_type=\"container\" data-e-type=\"container\">\n\t\t\t\t\t<div class=\"e-con-inner\">\n\t\t\t\t<div class=\"elementor-element elementor-element-3790833 elementor-widget elementor-widget-text-editor\" data-id=\"3790833\" data-element_type=\"widget\" data-e-type=\"widget\" data-widget_type=\"text-editor.default\">\n\t\t\t\t<div class=\"elementor-widget-container\">\n\t\t\t\t\t\t\t\t\t<p><strong>1. Mejora en la Eficiencia Energ\u00e9tica<\/strong><\/p>\n<p><!-- \/wp:paragraph --><!-- wp:paragraph --><\/p>\n<p>Uno de los desarrollos m\u00e1s destacados en la tecnolog\u00eda LED hort\u00edcola ha sido la mejora en la eficiencia energ\u00e9tica. Los LEDs modernos son ahora capaces de proporcionar una intensidad lum\u00ednica significativa con un consumo energ\u00e9tico menor. Esto no solo reduce los costos operativos, sino que tambi\u00e9n minimiza el impacto ambiental de los cultivos. Los nuevos dise\u00f1os incorporan diodos m\u00e1s eficientes y t\u00e9cnicas avanzadas de disipaci\u00f3n de calor, lo que permite a los sistemas LED operar a temperaturas m\u00e1s bajas y prolongar su vida \u00fatil.<\/p>\t\t\t\t\t\t\t\t<\/div>\n\t\t\t\t<\/div>\n\t\t\t\t\t<\/div>\n\t\t\t\t<\/div>\n\t\t<div class=\"elementor-element elementor-element-5b9dff1 e-flex e-con-boxed wpr-particle-no wpr-jarallax-no wpr-parallax-no wpr-sticky-section-no wpr-equal-height-no e-con e-parent\" data-id=\"5b9dff1\" data-element_type=\"container\" data-e-type=\"container\">\n\t\t\t\t\t<div class=\"e-con-inner\">\n\t\t\t\t<div class=\"elementor-element elementor-element-53bf642 elementor-widget elementor-widget-text-editor\" data-id=\"53bf642\" data-element_type=\"widget\" data-e-type=\"widget\" data-widget_type=\"text-editor.default\">\n\t\t\t\t<div class=\"elementor-widget-container\">\n\t\t\t\t\t\t\t\t\t<p><strong>2. Avances en Espectros de Luz Personalizados<\/strong><\/p>\n<p><!-- \/wp:paragraph --><!-- wp:paragraph --><\/p>\n<p>El avance en la capacidad de ajustar los espectros de luz emitidos por los LEDs ha sido otro cambio importante. Los nuevos sistemas permiten una personalizaci\u00f3n precisa del espectro lum\u00ednico para satisfacer las necesidades espec\u00edficas de diferentes etapas del crecimiento de las plantas. Los espectros ajustables incluyen longitudes de onda espec\u00edficas para la fotos\u00edntesis, el crecimiento vegetativo, la floraci\u00f3n y la fructificaci\u00f3n. Esto es especialmente \u00fatil para cultivos que requieren diferentes tipos de luz en distintas fases de su desarrollo.<\/p>\t\t\t\t\t\t\t\t<\/div>\n\t\t\t\t<\/div>\n\t\t\t\t\t<\/div>\n\t\t\t\t<\/div>\n\t\t<div class=\"elementor-element elementor-element-13e228d e-flex e-con-boxed wpr-particle-no wpr-jarallax-no wpr-parallax-no wpr-sticky-section-no wpr-equal-height-no e-con e-parent\" data-id=\"13e228d\" data-element_type=\"container\" data-e-type=\"container\">\n\t\t\t\t\t<div class=\"e-con-inner\">\n\t\t\t\t<div class=\"elementor-element elementor-element-e23635b elementor-widget elementor-widget-text-editor\" data-id=\"e23635b\" data-element_type=\"widget\" data-e-type=\"widget\" data-widget_type=\"text-editor.default\">\n\t\t\t\t<div class=\"elementor-widget-container\">\n\t\t\t\t\t\t\t\t\t<p><strong>3. Integraci\u00f3n de Tecnolog\u00edas Inteligentes<\/strong><\/p>\n<p><!-- \/wp:paragraph --><!-- wp:paragraph --><\/p>\n<p>La integraci\u00f3n de tecnolog\u00edas inteligentes en los sistemas de iluminaci\u00f3n LED ha permitido una mayor automatizaci\u00f3n y control. Los sistemas modernos incluyen sensores y controladores que pueden ajustar la intensidad de la luz y el espectro en funci\u00f3n de las condiciones ambientales y las necesidades de las plantas. Esto no solo optimiza el crecimiento, sino que tambi\u00e9n mejora la eficiencia general del sistema al ajustar la iluminaci\u00f3n en tiempo real.<\/p>\t\t\t\t\t\t\t\t<\/div>\n\t\t\t\t<\/div>\n\t\t\t\t\t<\/div>\n\t\t\t\t<\/div>\n\t\t<div class=\"elementor-element elementor-element-d217f77 e-flex e-con-boxed wpr-particle-no wpr-jarallax-no wpr-parallax-no wpr-sticky-section-no wpr-equal-height-no e-con e-parent\" data-id=\"d217f77\" data-element_type=\"container\" data-e-type=\"container\">\n\t\t\t\t\t<div class=\"e-con-inner\">\n\t\t\t\t<div class=\"elementor-element elementor-element-cfe1858 elementor-widget elementor-widget-text-editor\" data-id=\"cfe1858\" data-element_type=\"widget\" data-e-type=\"widget\" data-widget_type=\"text-editor.default\">\n\t\t\t\t<div class=\"elementor-widget-container\">\n\t\t\t\t\t\t\t\t\t<p><strong>4. Desarrollo de LEDs de Alta Intensidad<\/strong><\/p>\n<p><!-- \/wp:paragraph --><!-- wp:paragraph --><\/p>\n<p>Para cultivos de alto rendimiento, se han desarrollado LEDs de alta intensidad que proporcionan una mayor cantidad de luz en comparaci\u00f3n con los modelos anteriores. Estos LEDs son especialmente \u00fatiles en sistemas de cultivo vertical y en espacios interiores donde el acceso a luz natural es limitado. La alta intensidad de estos LEDs asegura que las plantas reciban suficiente luz para una fotos\u00edntesis \u00f3ptima, incluso en entornos artificiales.<\/p>\t\t\t\t\t\t\t\t<\/div>\n\t\t\t\t<\/div>\n\t\t\t\t\t<\/div>\n\t\t\t\t<\/div>\n\t\t<div class=\"elementor-element elementor-element-e3c185b e-flex e-con-boxed wpr-particle-no wpr-jarallax-no wpr-parallax-no wpr-sticky-section-no wpr-equal-height-no e-con e-parent\" data-id=\"e3c185b\" data-element_type=\"container\" data-e-type=\"container\" data-settings=\"{&quot;background_background&quot;:&quot;classic&quot;}\">\n\t\t\t\t\t<div class=\"e-con-inner\">\n\t\t\t\t<div class=\"elementor-element elementor-element-9d0155f elementor-widget elementor-widget-heading\" data-id=\"9d0155f\" data-element_type=\"widget\" data-e-type=\"widget\" data-widget_type=\"heading.default\">\n\t\t\t\t<div class=\"elementor-widget-container\">\n\t\t\t\t\t<h6 class=\"elementor-heading-title elementor-size-xxl\">El Impacto de la Iluminaci\u00f3n LED en el Crecimiento de Arabidopsis thaliana<\/h6>\t\t\t\t<\/div>\n\t\t\t\t<\/div>\n\t\t\t\t\t<\/div>\n\t\t\t\t<\/div>\n\t\t<div class=\"elementor-element elementor-element-61db93b e-flex e-con-boxed wpr-particle-no wpr-jarallax-no wpr-parallax-no wpr-sticky-section-no wpr-equal-height-no e-con e-parent\" data-id=\"61db93b\" data-element_type=\"container\" data-e-type=\"container\">\n\t\t\t\t\t<div class=\"e-con-inner\">\n\t\t\t\t<div class=\"elementor-element elementor-element-4a3028b elementor-widget elementor-widget-text-editor\" data-id=\"4a3028b\" data-element_type=\"widget\" data-e-type=\"widget\" data-widget_type=\"text-editor.default\">\n\t\t\t\t<div class=\"elementor-widget-container\">\n\t\t\t\t\t\t\t\t\t<p style=\"letter-spacing: 1.2px;\"><em>Arabidopsis thaliana<\/em> es una planta modelo ampliamente utilizada en la investigaci\u00f3n bot\u00e1nica debido a su genoma completamente secuenciado y su ciclo de vida corto. La capacidad de controlar y optimizar las condiciones de crecimiento de <em>Arabidopsis<\/em> es esencial para los investigadores que buscan entender los mecanismos b\u00e1sicos del crecimiento de las plantas y los efectos de diferentes condiciones ambientales.<\/p>\t\t\t\t\t\t\t\t<\/div>\n\t\t\t\t<\/div>\n\t\t\t\t\t<\/div>\n\t\t\t\t<\/div>\n\t\t<div class=\"elementor-element elementor-element-3a85107 e-flex e-con-boxed wpr-particle-no wpr-jarallax-no wpr-parallax-no wpr-sticky-section-no wpr-equal-height-no e-con e-parent\" data-id=\"3a85107\" data-element_type=\"container\" data-e-type=\"container\" data-settings=\"{&quot;background_background&quot;:&quot;classic&quot;}\">\n\t\t\t\t\t<div class=\"e-con-inner\">\n\t\t\t\t<div class=\"elementor-element elementor-element-f93f19b elementor-widget elementor-widget-heading\" data-id=\"f93f19b\" data-element_type=\"widget\" data-e-type=\"widget\" data-widget_type=\"heading.default\">\n\t\t\t\t<div class=\"elementor-widget-container\">\n\t\t\t\t\t<h6 class=\"elementor-heading-title elementor-size-xxl\">1. Espectro de Luz \u00d3ptimo para Arabidopsis thaliana<\/h6>\t\t\t\t<\/div>\n\t\t\t\t<\/div>\n\t\t\t\t\t<\/div>\n\t\t\t\t<\/div>\n\t\t<div class=\"elementor-element elementor-element-16e5858 e-flex e-con-boxed wpr-particle-no wpr-jarallax-no wpr-parallax-no wpr-sticky-section-no wpr-equal-height-no e-con e-parent\" data-id=\"16e5858\" data-element_type=\"container\" data-e-type=\"container\">\n\t\t\t\t\t<div class=\"e-con-inner\">\n\t\t<div class=\"elementor-element elementor-element-e5e0c65 e-flex e-con-boxed wpr-particle-no wpr-jarallax-no wpr-parallax-no wpr-sticky-section-no wpr-equal-height-no e-con e-child\" data-id=\"e5e0c65\" data-element_type=\"container\" data-e-type=\"container\">\n\t\t\t\t\t<div class=\"e-con-inner\">\n\t\t\t\t<div class=\"elementor-element elementor-element-3c55d6e elementor-widget elementor-widget-text-editor\" data-id=\"3c55d6e\" data-element_type=\"widget\" data-e-type=\"widget\" data-widget_type=\"text-editor.default\">\n\t\t\t\t<div class=\"elementor-widget-container\">\n\t\t\t\t\t\t\t\t\t<p><!-- \/wp:paragraph --><!-- wp:paragraph --><\/p>\n<p><!-- \/wp:paragraph --><!-- wp:paragraph --><\/p>\n<p>Para el crecimiento \u00f3ptimo de <em>Arabidopsis thaliana<\/em>, el espectro de luz es un factor crucial. Los LEDs hort\u00edcolas modernos ofrecen la capacidad de ajustar el espectro para incluir longitudes de onda espec\u00edficas que favorecen diferentes etapas del desarrollo de la planta.<\/p>\n<p><!-- \/wp:paragraph --><!-- wp:image {\"id\":2829,\"sizeSlug\":\"full\",\"linkDestination\":\"none\"} --><\/p>\n<figure class=\"wp-block-image size-full\"><\/figure>\t\t\t\t\t\t\t\t<\/div>\n\t\t\t\t<\/div>\n\t\t\t\t\t<\/div>\n\t\t\t\t<\/div>\n\t\t\t\t\t<\/div>\n\t\t\t\t<\/div>\n\t\t<div class=\"elementor-element elementor-element-38c1c9b e-flex e-con-boxed wpr-particle-no wpr-jarallax-no wpr-parallax-no wpr-sticky-section-no wpr-equal-height-no e-con e-parent\" data-id=\"38c1c9b\" data-element_type=\"container\" data-e-type=\"container\">\n\t\t\t\t\t<div class=\"e-con-inner\">\n\t\t<div class=\"elementor-element elementor-element-2b86bd3 e-flex e-con-boxed wpr-particle-no wpr-jarallax-no wpr-parallax-no wpr-sticky-section-no wpr-equal-height-no e-con e-child\" data-id=\"2b86bd3\" data-element_type=\"container\" data-e-type=\"container\">\n\t\t\t\t\t<div class=\"e-con-inner\">\n\t\t\t\t<div class=\"elementor-element elementor-element-b4104f4 elementor-widget elementor-widget-text-editor\" data-id=\"b4104f4\" data-element_type=\"widget\" data-e-type=\"widget\" data-widget_type=\"text-editor.default\">\n\t\t\t\t<div class=\"elementor-widget-container\">\n\t\t\t\t\t\t\t\t\t<p><!-- \/wp:paragraph --><!-- wp:paragraph --><\/p>\n<p><!-- \/wp:paragraph --><!-- wp:paragraph --><\/p>\n<ul>\n<li><strong>Luz Azul (400-500 nm):<\/strong> La luz azul es esencial para el crecimiento vegetativo y el desarrollo de las hojas en <em>Arabidopsis<\/em>. Estimula la s\u00edntesis de clorofila y la fotos\u00edntesis, lo que contribuye a un crecimiento saludable y vigoroso.<\/li>\n<\/ul>\n<p><!-- \/wp:paragraph --><!-- wp:image {\"id\":2829,\"sizeSlug\":\"full\",\"linkDestination\":\"none\"} --><\/p>\n<figure class=\"wp-block-image size-full\"><\/figure>\t\t\t\t\t\t\t\t<\/div>\n\t\t\t\t<\/div>\n\t\t\t\t\t<\/div>\n\t\t\t\t<\/div>\n\t\t\t\t\t<\/div>\n\t\t\t\t<\/div>\n\t\t<div class=\"elementor-element elementor-element-5aba9c2 e-flex e-con-boxed wpr-particle-no wpr-jarallax-no wpr-parallax-no wpr-sticky-section-no wpr-equal-height-no e-con e-parent\" data-id=\"5aba9c2\" data-element_type=\"container\" data-e-type=\"container\">\n\t\t\t\t\t<div class=\"e-con-inner\">\n\t\t<div class=\"elementor-element elementor-element-ee02869 e-flex e-con-boxed wpr-particle-no wpr-jarallax-no wpr-parallax-no wpr-sticky-section-no wpr-equal-height-no e-con e-child\" data-id=\"ee02869\" data-element_type=\"container\" data-e-type=\"container\">\n\t\t\t\t\t<div class=\"e-con-inner\">\n\t\t\t\t<div class=\"elementor-element elementor-element-914a9a4 elementor-widget elementor-widget-text-editor\" data-id=\"914a9a4\" data-element_type=\"widget\" data-e-type=\"widget\" data-widget_type=\"text-editor.default\">\n\t\t\t\t<div class=\"elementor-widget-container\">\n\t\t\t\t\t\t\t\t\t<ul>\n<li><strong>Luz Roja (600-700 nm):<\/strong> La luz roja es importante para la floraci\u00f3n y la formaci\u00f3n de semillas. En <em>Arabidopsis<\/em>, la luz roja influye en la elongaci\u00f3n de los tallos y la producci\u00f3n de flores.<\/li>\n<\/ul>\t\t\t\t\t\t\t\t<\/div>\n\t\t\t\t<\/div>\n\t\t\t\t\t<\/div>\n\t\t\t\t<\/div>\n\t\t\t\t\t<\/div>\n\t\t\t\t<\/div>\n\t\t<div class=\"elementor-element elementor-element-786c382 e-flex e-con-boxed wpr-particle-no wpr-jarallax-no wpr-parallax-no wpr-sticky-section-no wpr-equal-height-no e-con e-parent\" data-id=\"786c382\" data-element_type=\"container\" data-e-type=\"container\">\n\t\t\t\t\t<div class=\"e-con-inner\">\n\t\t<div class=\"elementor-element elementor-element-43bdc58 e-flex e-con-boxed wpr-particle-no wpr-jarallax-no wpr-parallax-no wpr-sticky-section-no wpr-equal-height-no e-con e-child\" data-id=\"43bdc58\" data-element_type=\"container\" data-e-type=\"container\">\n\t\t\t\t\t<div class=\"e-con-inner\">\n\t\t\t\t<div class=\"elementor-element elementor-element-48e1e4e elementor-widget elementor-widget-text-editor\" data-id=\"48e1e4e\" data-element_type=\"widget\" data-e-type=\"widget\" data-widget_type=\"text-editor.default\">\n\t\t\t\t<div class=\"elementor-widget-container\">\n\t\t\t\t\t\t\t\t\t<ul>\n<li><strong>Luz Lejana Roja (700-800 nm):<\/strong> Aunque menos absorbida que la luz roja, la luz lejana roja juega un papel en la regulaci\u00f3n del ciclo de vida de las plantas y puede influir en la floraci\u00f3n y la maduraci\u00f3n de las semillas.<\/li>\n<\/ul>\t\t\t\t\t\t\t\t<\/div>\n\t\t\t\t<\/div>\n\t\t\t\t\t<\/div>\n\t\t\t\t<\/div>\n\t\t\t\t\t<\/div>\n\t\t\t\t<\/div>\n\t\t<div class=\"elementor-element elementor-element-60d7195 e-flex e-con-boxed wpr-particle-no wpr-jarallax-no wpr-parallax-no wpr-sticky-section-no wpr-equal-height-no e-con e-parent\" data-id=\"60d7195\" data-element_type=\"container\" data-e-type=\"container\">\n\t\t\t\t\t<div class=\"e-con-inner\">\n\t\t<div class=\"elementor-element elementor-element-3f4164c e-flex e-con-boxed wpr-particle-no wpr-jarallax-no wpr-parallax-no wpr-sticky-section-no wpr-equal-height-no e-con e-child\" data-id=\"3f4164c\" data-element_type=\"container\" data-e-type=\"container\">\n\t\t\t\t\t<div class=\"e-con-inner\">\n\t\t\t\t<div class=\"elementor-element elementor-element-e597ab7 elementor-widget elementor-widget-text-editor\" data-id=\"e597ab7\" data-element_type=\"widget\" data-e-type=\"widget\" data-widget_type=\"text-editor.default\">\n\t\t\t\t<div class=\"elementor-widget-container\">\n\t\t\t\t\t\t\t\t\t<p>Los sistemas LED modernos permiten una combinaci\u00f3n precisa de estos espectros para apoyar las necesidades espec\u00edficas de <em>Arabidopsis<\/em> en diferentes fases de su desarrollo.<\/p>\t\t\t\t\t\t\t\t<\/div>\n\t\t\t\t<\/div>\n\t\t\t\t\t<\/div>\n\t\t\t\t<\/div>\n\t\t\t\t\t<\/div>\n\t\t\t\t<\/div>\n\t\t<div class=\"elementor-element elementor-element-a2a3866 e-flex e-con-boxed wpr-particle-no wpr-jarallax-no wpr-parallax-no wpr-sticky-section-no wpr-equal-height-no e-con e-parent\" data-id=\"a2a3866\" data-element_type=\"container\" data-e-type=\"container\" data-settings=\"{&quot;background_background&quot;:&quot;classic&quot;}\">\n\t\t\t\t\t<div class=\"e-con-inner\">\n\t\t\t\t<div class=\"elementor-element elementor-element-1afb787 elementor-widget elementor-widget-heading\" data-id=\"1afb787\" data-element_type=\"widget\" data-e-type=\"widget\" data-widget_type=\"heading.default\">\n\t\t\t\t<div class=\"elementor-widget-container\">\n\t\t\t\t\t<h6 class=\"elementor-heading-title elementor-size-xxl\">Fotoperiodo e Intensidades \u00d3ptimas para el Cultivo de Arabidopsis thaliana<\/h6>\t\t\t\t<\/div>\n\t\t\t\t<\/div>\n\t\t\t\t\t<\/div>\n\t\t\t\t<\/div>\n\t\t<div class=\"elementor-element elementor-element-007e793 e-flex e-con-boxed wpr-particle-no wpr-jarallax-no wpr-parallax-no wpr-sticky-section-no wpr-equal-height-no e-con e-parent\" data-id=\"007e793\" data-element_type=\"container\" data-e-type=\"container\">\n\t\t\t\t\t<div class=\"e-con-inner\">\n\t\t<div class=\"elementor-element elementor-element-7c96c57 e-flex e-con-boxed wpr-particle-no wpr-jarallax-no wpr-parallax-no wpr-sticky-section-no wpr-equal-height-no e-con e-child\" data-id=\"7c96c57\" data-element_type=\"container\" data-e-type=\"container\">\n\t\t\t\t\t<div class=\"e-con-inner\">\n\t\t\t\t<div class=\"elementor-element elementor-element-3e46e08 elementor-widget elementor-widget-text-editor\" data-id=\"3e46e08\" data-element_type=\"widget\" data-e-type=\"widget\" data-widget_type=\"text-editor.default\">\n\t\t\t\t<div class=\"elementor-widget-container\">\n\t\t\t\t\t\t\t\t\t<p><em>Arabidopsis thaliana<\/em>, una planta modelo en la biolog\u00eda vegetal, es ampliamente utilizada en estudios gen\u00e9ticos y fisiol\u00f3gicos. Para su cultivo eficiente en laboratorio, es crucial entender y optimizar las condiciones de luz, particularmente el fotoperiodo (duraci\u00f3n del per\u00edodo de luz en un ciclo de 24 horas) y la intensidad de la luz.<\/p>\t\t\t\t\t\t\t\t<\/div>\n\t\t\t\t<\/div>\n\t\t\t\t\t<\/div>\n\t\t\t\t<\/div>\n\t\t\t\t\t<\/div>\n\t\t\t\t<\/div>\n\t\t<div class=\"elementor-element elementor-element-1867787 e-flex e-con-boxed wpr-particle-no wpr-jarallax-no wpr-parallax-no wpr-sticky-section-no wpr-equal-height-no e-con e-parent\" data-id=\"1867787\" data-element_type=\"container\" data-e-type=\"container\" data-settings=\"{&quot;background_background&quot;:&quot;classic&quot;}\">\n\t\t\t\t\t<div class=\"e-con-inner\">\n\t\t\t\t<div class=\"elementor-element elementor-element-0e24019 elementor-widget elementor-widget-heading\" data-id=\"0e24019\" data-element_type=\"widget\" data-e-type=\"widget\" data-widget_type=\"heading.default\">\n\t\t\t\t<div class=\"elementor-widget-container\">\n\t\t\t\t\t<h6 class=\"elementor-heading-title elementor-size-xxl\">Fotoperiodo<\/h6>\t\t\t\t<\/div>\n\t\t\t\t<\/div>\n\t\t\t\t\t<\/div>\n\t\t\t\t<\/div>\n\t\t<div class=\"elementor-element elementor-element-42617ab e-flex e-con-boxed wpr-particle-no wpr-jarallax-no wpr-parallax-no wpr-sticky-section-no wpr-equal-height-no e-con e-parent\" data-id=\"42617ab\" data-element_type=\"container\" data-e-type=\"container\">\n\t\t\t\t\t<div class=\"e-con-inner\">\n\t\t<div class=\"elementor-element elementor-element-a2e365e e-flex e-con-boxed wpr-particle-no wpr-jarallax-no wpr-parallax-no wpr-sticky-section-no wpr-equal-height-no e-con e-child\" data-id=\"a2e365e\" data-element_type=\"container\" data-e-type=\"container\">\n\t\t\t\t\t<div class=\"e-con-inner\">\n\t\t\t\t<div class=\"elementor-element elementor-element-01d7cdc elementor-widget elementor-widget-text-editor\" data-id=\"01d7cdc\" data-element_type=\"widget\" data-e-type=\"widget\" data-widget_type=\"text-editor.default\">\n\t\t\t\t<div class=\"elementor-widget-container\">\n\t\t\t\t\t\t\t\t\t<p><!-- \/wp:paragraph --><!-- wp:paragraph --><\/p>\n<p>El fotoperiodo influye significativamente en el crecimiento y desarrollo de <em>A. thaliana<\/em>. Esta planta es una especie de d\u00eda largo, lo que significa que florece cuando los d\u00edas son m\u00e1s largos que las noches. Para inducir la floraci\u00f3n y promover un crecimiento robusto, se recomienda un fotoperiodo de 16 horas de luz y 8 horas de oscuridad.<\/p>\n<ul>\n<li><strong>Fotoperiodo de 16\/8 (Luz\/Oscuridad): <\/strong>Este ciclo favorece la floraci\u00f3n y un crecimiento \u00f3ptimo. Proporciona suficiente tiempo para la fotos\u00edntesis y el desarrollo sin causar estr\u00e9s por luz excesiva.<\/li>\n<!-- \/wp:list-item --><!-- wp:list-item -->\n<li><strong>Fotoperiodo continuo (24 horas de luz): <\/strong>Aunque puede acelerar ciertos procesos, este r\u00e9gimen puede provocar estr\u00e9s y no es recomendado para cultivos prolongados.<\/li>\n<!-- \/wp:list-item --><!-- wp:list-item -->\n<li><strong>Fotoperiodo corto (8 horas de luz\/16 horas de oscuridad): <\/strong>Utilizado en investigaciones espec\u00edficas, este r\u00e9gimen generalmente retrasa la floraci\u00f3n y puede ser \u00fatil para estudiar fases vegetativas.<\/li>\n<\/ul>\t\t\t\t\t\t\t\t<\/div>\n\t\t\t\t<\/div>\n\t\t\t\t\t<\/div>\n\t\t\t\t<\/div>\n\t\t\t\t\t<\/div>\n\t\t\t\t<\/div>\n\t\t<div class=\"elementor-element elementor-element-16e2d1b e-flex e-con-boxed wpr-particle-no wpr-jarallax-no wpr-parallax-no wpr-sticky-section-no wpr-equal-height-no e-con e-parent\" data-id=\"16e2d1b\" data-element_type=\"container\" data-e-type=\"container\" data-settings=\"{&quot;background_background&quot;:&quot;classic&quot;}\">\n\t\t\t\t\t<div class=\"e-con-inner\">\n\t\t\t\t<div class=\"elementor-element elementor-element-fbf172f elementor-widget elementor-widget-heading\" data-id=\"fbf172f\" data-element_type=\"widget\" data-e-type=\"widget\" data-widget_type=\"heading.default\">\n\t\t\t\t<div class=\"elementor-widget-container\">\n\t\t\t\t\t<h6 class=\"elementor-heading-title elementor-size-xxl\">Intensidad de la Luz<\/h6>\t\t\t\t<\/div>\n\t\t\t\t<\/div>\n\t\t\t\t\t<\/div>\n\t\t\t\t<\/div>\n\t\t<div class=\"elementor-element elementor-element-66706b9 e-flex e-con-boxed wpr-particle-no wpr-jarallax-no wpr-parallax-no wpr-sticky-section-no wpr-equal-height-no e-con e-parent\" data-id=\"66706b9\" data-element_type=\"container\" data-e-type=\"container\">\n\t\t\t\t\t<div class=\"e-con-inner\">\n\t\t<div class=\"elementor-element elementor-element-f318c7d e-flex e-con-boxed wpr-particle-no wpr-jarallax-no wpr-parallax-no wpr-sticky-section-no wpr-equal-height-no e-con e-child\" data-id=\"f318c7d\" data-element_type=\"container\" data-e-type=\"container\">\n\t\t\t\t\t<div class=\"e-con-inner\">\n\t\t\t\t<div class=\"elementor-element elementor-element-5c97a99 elementor-widget elementor-widget-text-editor\" data-id=\"5c97a99\" data-element_type=\"widget\" data-e-type=\"widget\" data-widget_type=\"text-editor.default\">\n\t\t\t\t<div class=\"elementor-widget-container\">\n\t\t\t\t\t\t\t\t\t<p><!-- \/wp:paragraph --><!-- wp:paragraph --><\/p>\n<p>La intensidad de la luz tambi\u00e9n es un factor cr\u00edtico. <em>A. thaliana<\/em> se cultiva mejor bajo intensidades moderadas a altas, pero es sensible a la luz excesiva que puede causar fotoinhibici\u00f3n.<\/p>\n<ul>\n<li><strong>Intensidad \u00f3ptima: <\/strong>Entre 100 y 150 \u00b5mol m\u00b2\/s (micromoles de fotones por metro cuadrado por segundo) en el rango PAR (Radiaci\u00f3n Fotosint\u00e9ticamente Activa, 400-700 nm). Esta intensidad es suficiente para mantener una fotos\u00edntesis eficiente sin inducir estr\u00e9s.<\/li>\n<!-- \/wp:list-item --><!-- wp:list-item -->\n<li><strong>Luz LED: <\/strong>Las luces LED son ideales para cultivar <em>A. thaliana<\/em> debido a su eficiencia energ\u00e9tica y capacidad para proporcionar espectros espec\u00edficos de luz. Las combinaciones de luz roja (660 nm) y azul (450 nm) son particularmente efectivas, ya que estos espectros son absorbidos eficientemente por los pigmentos fotosint\u00e9ticos.<\/li>\n<!-- \/wp:list-item --><!-- wp:list-item -->\n<li><strong>Consideraciones adicionales: <\/strong>Es crucial evitar fluctuaciones bruscas de intensidad y asegurarse de que la distribuci\u00f3n de la luz sea uniforme sobre las plantas.<\/li>\n<\/ul>\t\t\t\t\t\t\t\t<\/div>\n\t\t\t\t<\/div>\n\t\t\t\t\t<\/div>\n\t\t\t\t<\/div>\n\t\t\t\t\t<\/div>\n\t\t\t\t<\/div>\n\t\t<div class=\"elementor-element elementor-element-1267065 e-flex e-con-boxed wpr-particle-no wpr-jarallax-no wpr-parallax-no wpr-sticky-section-no wpr-equal-height-no e-con e-parent\" data-id=\"1267065\" data-element_type=\"container\" data-e-type=\"container\" data-settings=\"{&quot;background_background&quot;:&quot;classic&quot;}\">\n\t\t\t\t\t<div class=\"e-con-inner\">\n\t\t\t\t<div class=\"elementor-element elementor-element-7542f04 elementor-widget elementor-widget-heading\" data-id=\"7542f04\" data-element_type=\"widget\" data-e-type=\"widget\" data-widget_type=\"heading.default\">\n\t\t\t\t<div class=\"elementor-widget-container\">\n\t\t\t\t\t<h6 class=\"elementor-heading-title elementor-size-xxl\">Conclusi\u00f3n<\/h6>\t\t\t\t<\/div>\n\t\t\t\t<\/div>\n\t\t\t\t\t<\/div>\n\t\t\t\t<\/div>\n\t\t<div class=\"elementor-element elementor-element-e298d5f e-flex e-con-boxed wpr-particle-no wpr-jarallax-no wpr-parallax-no wpr-sticky-section-no wpr-equal-height-no e-con e-parent\" data-id=\"e298d5f\" data-element_type=\"container\" data-e-type=\"container\">\n\t\t\t\t\t<div class=\"e-con-inner\">\n\t\t<div class=\"elementor-element elementor-element-81f5601 e-flex e-con-boxed wpr-particle-no wpr-jarallax-no wpr-parallax-no wpr-sticky-section-no wpr-equal-height-no e-con e-child\" data-id=\"81f5601\" data-element_type=\"container\" data-e-type=\"container\">\n\t\t\t\t\t<div class=\"e-con-inner\">\n\t\t\t\t<div class=\"elementor-element elementor-element-68fd2c1 elementor-widget elementor-widget-text-editor\" data-id=\"68fd2c1\" data-element_type=\"widget\" data-e-type=\"widget\" data-widget_type=\"text-editor.default\">\n\t\t\t\t<div class=\"elementor-widget-container\">\n\t\t\t\t\t\t\t\t\t<p><!-- \/wp:paragraph --><!-- wp:paragraph --><\/p>\n<p>El cultivo exitoso de\u00a0<em>Arabidopsis thaliana<\/em>\u00a0requiere una cuidadosa optimizaci\u00f3n del fotoperiodo y la intensidad de la luz. Un fotoperiodo de 16 horas de luz y 8 horas de oscuridad, combinado con una intensidad de luz entre 100 y 150 \u00b5mol m\u00b2\/s, proporciona condiciones \u00f3ptimas para el crecimiento y la floraci\u00f3n. El uso de tecnolog\u00eda LED permite un control preciso del espectro e intensidad de la luz, lo cual es esencial para maximizar la eficiencia del cultivo y la calidad de la investigaci\u00f3n<strong>.<\/strong><\/p>\t\t\t\t\t\t\t\t<\/div>\n\t\t\t\t<\/div>\n\t\t\t\t\t<\/div>\n\t\t\t\t<\/div>\n\t\t\t\t\t<\/div>\n\t\t\t\t<\/div>\n\t\t<div class=\"elementor-element elementor-element-a5bb007 e-flex e-con-boxed wpr-particle-no wpr-jarallax-no wpr-parallax-no wpr-sticky-section-no wpr-equal-height-no e-con e-parent\" data-id=\"a5bb007\" data-element_type=\"container\" data-e-type=\"container\">\n\t\t\t\t\t<div class=\"e-con-inner\">\n\t\t<div class=\"elementor-element elementor-element-eae2003 e-flex e-con-boxed wpr-particle-no wpr-jarallax-no wpr-parallax-no wpr-sticky-section-no wpr-equal-height-no e-con e-child\" data-id=\"eae2003\" data-element_type=\"container\" data-e-type=\"container\">\n\t\t\t\t\t<div class=\"e-con-inner\">\n\t\t\t\t<div class=\"elementor-element elementor-element-3e173ce elementor-widget elementor-widget-text-editor\" data-id=\"3e173ce\" data-element_type=\"widget\" data-e-type=\"widget\" data-widget_type=\"text-editor.default\">\n\t\t\t\t<div class=\"elementor-widget-container\">\n\t\t\t\t\t\t\t\t\t<p>Art\u00edculos de referencia publicados entre 2020 y 2023 sobre estudios de <em>Arabidopsis thaliana <\/em>utilizando iluminaci\u00f3n LED:<\/p>\n<p><strong>2020 <\/strong><\/p>\n<p><strong>\u00abEffects of Different Light Qualities on Growth and Development of <\/strong><em>Arabidopsis thaliana<\/em><strong>\u00bb&nbsp;<\/strong><span style=\"color: var( --e-global-color-text ); font-family: var( --e-global-typography-text-font-family ), Outfit; font-size: var( --e-global-typography-text-font-size ); font-style: var( --e-global-typography-text-font-style ); font-weight: var( --e-global-typography-text-font-weight ); letter-spacing: var( --e-global-typography-text-letter-spacing ); text-transform: var( --e-global-typography-text-text-transform ); text-align: var(--text-align); word-spacing: var( --e-global-typography-b2ce6af-word-spacing );\">Este estudio evalu\u00f3 el impacto de diferentes espectros de luz LED en el crecimiento y desarrollo de <\/span><em style=\"color: var( --e-global-color-text ); font-family: var( --e-global-typography-text-font-family ), Outfit; font-size: var( --e-global-typography-text-font-size ); font-weight: var( --e-global-typography-text-font-weight ); letter-spacing: var( --e-global-typography-text-letter-spacing ); text-transform: var( --e-global-typography-text-text-transform ); text-align: var(--text-align); word-spacing: var( --e-global-typography-b2ce6af-word-spacing );\">A. thaliana<\/em><span style=\"color: var( --e-global-color-text ); font-family: var( --e-global-typography-text-font-family ), Outfit; font-size: var( --e-global-typography-text-font-size ); font-style: var( --e-global-typography-text-font-style ); font-weight: var( --e-global-typography-text-font-weight ); letter-spacing: var( --e-global-typography-text-letter-spacing ); text-transform: var( --e-global-typography-text-text-transform ); text-align: var(--text-align); word-spacing: var( --e-global-typography-b2ce6af-word-spacing );\">.&nbsp;<\/span><span style=\"color: var( --e-global-color-text ); font-family: var( --e-global-typography-text-font-family ), Outfit; font-size: var( --e-global-typography-text-font-size ); font-style: var( --e-global-typography-text-font-style ); font-weight: var( --e-global-typography-text-font-weight ); letter-spacing: var( --e-global-typography-text-letter-spacing ); text-transform: var( --e-global-typography-text-text-transform ); text-align: var(--text-align); word-spacing: var( --e-global-typography-b2ce6af-word-spacing );\">Referencia: Journal of Plant Growth Regulation, 2020.<\/span><\/p>\n<p><strong>2021 <\/strong><\/p>\n<p><strong>\u00abOptimizing Light Conditions for <\/strong><em>Arabidopsis thaliana <\/em><strong>Growth Using LED Technology\u00bb&nbsp;<\/strong><span style=\"color: var( --e-global-color-text ); font-family: var( --e-global-typography-text-font-family ), Outfit; font-size: var( --e-global-typography-text-font-size ); font-style: var( --e-global-typography-text-font-style ); font-weight: var( --e-global-typography-text-font-weight ); letter-spacing: var( --e-global-typography-text-letter-spacing ); text-transform: var( --e-global-typography-text-text-transform ); text-align: var(--text-align); word-spacing: var( --e-global-typography-b2ce6af-word-spacing );\">Investigaci\u00f3n sobre c\u00f3mo diferentes intensidades y combinaciones de espectros de LED afectan el crecimiento y la fotos\u00edntesis en <\/span><em style=\"color: var( --e-global-color-text ); font-family: var( --e-global-typography-text-font-family ), Outfit; font-size: var( --e-global-typography-text-font-size ); font-weight: var( --e-global-typography-text-font-weight ); letter-spacing: var( --e-global-typography-text-letter-spacing ); text-transform: var( --e-global-typography-text-text-transform ); text-align: var(--text-align); word-spacing: var( --e-global-typography-b2ce6af-word-spacing );\">A. thaliana<\/em><span style=\"color: var( --e-global-color-text ); font-family: var( --e-global-typography-text-font-family ), Outfit; font-size: var( --e-global-typography-text-font-size ); font-style: var( --e-global-typography-text-font-style ); font-weight: var( --e-global-typography-text-font-weight ); letter-spacing: var( --e-global-typography-text-letter-spacing ); text-transform: var( --e-global-typography-text-text-transform ); text-align: var(--text-align); word-spacing: var( --e-global-typography-b2ce6af-word-spacing );\">.&nbsp;<\/span><span style=\"color: var( --e-global-color-text ); font-family: var( --e-global-typography-text-font-family ), Outfit; font-size: var( --e-global-typography-text-font-size ); font-style: var( --e-global-typography-text-font-style ); font-weight: var( --e-global-typography-text-font-weight ); letter-spacing: var( --e-global-typography-text-letter-spacing ); text-transform: var( --e-global-typography-text-text-transform ); text-align: var(--text-align); word-spacing: var( --e-global-typography-b2ce6af-word-spacing );\">Referencia: Plant Physiology and Biochemistry, 2021.<\/span><\/p>\n<p><strong>\u00abBlue and Red Light Spectra Differentially Regulate <\/strong><em>Arabidopsis thaliana <\/em><strong>Metabolism and Growth\u00bb&nbsp;<\/strong><span style=\"color: var( --e-global-color-text ); font-family: var( --e-global-typography-text-font-family ), Outfit; font-size: var( --e-global-typography-text-font-size ); font-style: var( --e-global-typography-text-font-style ); font-weight: var( --e-global-typography-text-font-weight ); letter-spacing: var( --e-global-typography-text-letter-spacing ); text-transform: var( --e-global-typography-text-text-transform ); text-align: var(--text-align); word-spacing: var( --e-global-typography-b2ce6af-word-spacing );\">Este art\u00edculo explora c\u00f3mo las proporciones espec\u00edficas de luz azul y roja influyen en el metabolismo y el crecimiento de <\/span><em style=\"color: var( --e-global-color-text ); font-family: var( --e-global-typography-text-font-family ), Outfit; font-size: var( --e-global-typography-text-font-size ); font-weight: var( --e-global-typography-text-font-weight ); letter-spacing: var( --e-global-typography-text-letter-spacing ); text-transform: var( --e-global-typography-text-text-transform ); text-align: var(--text-align); word-spacing: var( --e-global-typography-b2ce6af-word-spacing );\">A. thaliana<\/em><span style=\"color: var( --e-global-color-text ); font-family: var( --e-global-typography-text-font-family ), Outfit; font-size: var( --e-global-typography-text-font-size ); font-style: var( --e-global-typography-text-font-style ); font-weight: var( --e-global-typography-text-font-weight ); letter-spacing: var( --e-global-typography-text-letter-spacing ); text-transform: var( --e-global-typography-text-text-transform ); text-align: var(--text-align); word-spacing: var( --e-global-typography-b2ce6af-word-spacing );\">.&nbsp;<\/span><span style=\"color: var( --e-global-color-text ); font-family: var( --e-global-typography-text-font-family ), Outfit; font-size: var( --e-global-typography-text-font-size ); font-style: var( --e-global-typography-text-font-style ); font-weight: var( --e-global-typography-text-font-weight ); letter-spacing: var( --e-global-typography-text-letter-spacing ); text-transform: var( --e-global-typography-text-text-transform ); text-align: var(--text-align); word-spacing: var( --e-global-typography-b2ce6af-word-spacing );\">Referencia: Frontiers in Plant Science, 2021.<\/span><\/p>\n<p><strong>2022<\/strong><\/p>\n<p><strong>\u00abLED Lighting Effects on the Gene Expression of <\/strong><em>Arabidopsis thaliana<\/em><strong>\u00bb&nbsp;<\/strong><span style=\"color: var( --e-global-color-text ); font-family: var( --e-global-typography-text-font-family ), Outfit; font-size: var( --e-global-typography-text-font-size ); font-style: var( --e-global-typography-text-font-style ); font-weight: var( --e-global-typography-text-font-weight ); letter-spacing: var( --e-global-typography-text-letter-spacing ); text-transform: var( --e-global-typography-text-text-transform ); text-align: var(--text-align); word-spacing: var( --e-global-typography-b2ce6af-word-spacing );\">Estudio sobre c\u00f3mo diferentes configuraciones de luz LED afectan la expresi\u00f3n g\u00e9nica en <\/span><em style=\"color: var( --e-global-color-text ); font-family: var( --e-global-typography-text-font-family ), Outfit; font-size: var( --e-global-typography-text-font-size ); font-weight: var( --e-global-typography-text-font-weight ); letter-spacing: var( --e-global-typography-text-letter-spacing ); text-transform: var( --e-global-typography-text-text-transform ); text-align: var(--text-align); word-spacing: var( --e-global-typography-b2ce6af-word-spacing );\">A. thaliana<\/em><span style=\"color: var( --e-global-color-text ); font-family: var( --e-global-typography-text-font-family ), Outfit; font-size: var( --e-global-typography-text-font-size ); font-style: var( --e-global-typography-text-font-style ); font-weight: var( --e-global-typography-text-font-weight ); letter-spacing: var( --e-global-typography-text-letter-spacing ); text-transform: var( --e-global-typography-text-text-transform ); text-align: var(--text-align); word-spacing: var( --e-global-typography-b2ce6af-word-spacing );\">.&nbsp;<\/span><span style=\"color: var( --e-global-color-text ); font-family: var( --e-global-typography-text-font-family ), Outfit; font-size: var( --e-global-typography-text-font-size ); font-style: var( --e-global-typography-text-font-style ); font-weight: var( --e-global-typography-text-font-weight ); letter-spacing: var( --e-global-typography-text-letter-spacing ); text-transform: var( --e-global-typography-text-text-transform ); text-align: var(--text-align); word-spacing: var( --e-global-typography-b2ce6af-word-spacing );\">Referencia: BMC Plant Biology, 2022.<\/span><\/p>\n<p><strong>\u00abImpact of LED Light Spectra on the Photomorphogenesis of <\/strong><em>Arabidopsis thaliana<\/em><strong>\u00bb&nbsp;<\/strong><span style=\"color: var( --e-global-color-text ); font-family: var( --e-global-typography-text-font-family ), Outfit; font-size: var( --e-global-typography-text-font-size ); font-style: var( --e-global-typography-text-font-style ); font-weight: var( --e-global-typography-text-font-weight ); letter-spacing: var( --e-global-typography-text-letter-spacing ); text-transform: var( --e-global-typography-text-text-transform ); text-align: var(--text-align); word-spacing: var( --e-global-typography-b2ce6af-word-spacing );\">Investigaci\u00f3n sobre c\u00f3mo diferentes espectros de luz LED influyen en la fotomorfog\u00e9nesis de <\/span><em style=\"color: var( --e-global-color-text ); font-family: var( --e-global-typography-text-font-family ), Outfit; font-size: var( --e-global-typography-text-font-size ); font-weight: var( --e-global-typography-text-font-weight ); letter-spacing: var( --e-global-typography-text-letter-spacing ); text-transform: var( --e-global-typography-text-text-transform ); text-align: var(--text-align); word-spacing: var( --e-global-typography-b2ce6af-word-spacing );\">A. thaliana<\/em><span style=\"color: var( --e-global-color-text ); font-family: var( --e-global-typography-text-font-family ), Outfit; font-size: var( --e-global-typography-text-font-size ); font-style: var( --e-global-typography-text-font-style ); font-weight: var( --e-global-typography-text-font-weight ); letter-spacing: var( --e-global-typography-text-letter-spacing ); text-transform: var( --e-global-typography-text-text-transform ); text-align: var(--text-align); word-spacing: var( --e-global-typography-b2ce6af-word-spacing );\">.&nbsp;<\/span><span style=\"color: var( --e-global-color-text ); font-family: var( --e-global-typography-text-font-family ), Outfit; font-size: var( --e-global-typography-text-font-size ); font-style: var( --e-global-typography-text-font-style ); font-weight: var( --e-global-typography-text-font-weight ); letter-spacing: var( --e-global-typography-text-letter-spacing ); text-transform: var( --e-global-typography-text-text-transform ); text-align: var(--text-align); word-spacing: var( --e-global-typography-b2ce6af-word-spacing );\">Referencia: Plant Cell Reports, 2022.<\/span><\/p>\n<p><strong>2023<\/strong><\/p>\n<p><strong>\u00abThe Role of LED Light Quality in the Regulation of <\/strong><em>Arabidopsis thaliana <\/em><strong>Stress Responses\u00bb&nbsp;<\/strong><span style=\"color: var( --e-global-color-text ); font-family: var( --e-global-typography-text-font-family ), Outfit; font-size: var( --e-global-typography-text-font-size ); font-style: var( --e-global-typography-text-font-style ); font-weight: var( --e-global-typography-text-font-weight ); letter-spacing: var( --e-global-typography-text-letter-spacing ); text-transform: var( --e-global-typography-text-text-transform ); text-align: var(--text-align); word-spacing: var( --e-global-typography-b2ce6af-word-spacing );\">Este art\u00edculo examina c\u00f3mo diferentes espectros de luz LED afectan las respuestas de estr\u00e9s en&nbsp;<\/span><em style=\"color: var( --e-global-color-text ); font-family: var( --e-global-typography-text-font-family ), Outfit; font-size: var( --e-global-typography-text-font-size ); font-weight: var( --e-global-typography-text-font-weight ); letter-spacing: var( --e-global-typography-text-letter-spacing ); text-transform: var( --e-global-typography-text-text-transform ); text-align: var(--text-align); word-spacing: var( --e-global-typography-b2ce6af-word-spacing );\">A. thaliana<\/em><span style=\"color: var( --e-global-color-text ); font-family: var( --e-global-typography-text-font-family ), Outfit; font-size: var( --e-global-typography-text-font-size ); font-style: var( --e-global-typography-text-font-style ); font-weight: var( --e-global-typography-text-font-weight ); letter-spacing: var( --e-global-typography-text-letter-spacing ); text-transform: var( --e-global-typography-text-text-transform ); text-align: var(--text-align); word-spacing: var( --e-global-typography-b2ce6af-word-spacing );\">.&nbsp;<\/span><span style=\"color: var( --e-global-color-text ); font-family: var( --e-global-typography-text-font-family ), Outfit; font-size: var( --e-global-typography-text-font-size ); font-style: var( --e-global-typography-text-font-style ); font-weight: var( --e-global-typography-text-font-weight ); letter-spacing: var( --e-global-typography-text-letter-spacing ); text-transform: var( --e-global-typography-text-text-transform ); text-align: var(--text-align); word-spacing: var( --e-global-typography-b2ce6af-word-spacing );\">Referencia: Journal of Experimental Botany, 2023.<\/span><\/p>\n<p><strong>\u00abAdvancements in LED Lighting Technologies for Controlled Environment Agriculture: Applications in <\/strong><em>Arabidopsis thaliana <\/em><strong>Research\u00bb&nbsp;<\/strong><span style=\"color: var( --e-global-color-text ); font-family: var( --e-global-typography-text-font-family ), Outfit; font-size: var( --e-global-typography-text-font-size ); font-style: var( --e-global-typography-text-font-style ); font-weight: var( --e-global-typography-text-font-weight ); letter-spacing: var( --e-global-typography-text-letter-spacing ); text-transform: var( --e-global-typography-text-text-transform ); text-align: var(--text-align); word-spacing: var( --e-global-typography-b2ce6af-word-spacing );\">Revisi\u00f3n de las tecnolog\u00edas de iluminaci\u00f3n LED y su aplicaci\u00f3n en la investigaci\u00f3n de <\/span><em style=\"color: var( --e-global-color-text ); font-family: var( --e-global-typography-text-font-family ), Outfit; font-size: var( --e-global-typography-text-font-size ); font-weight: var( --e-global-typography-text-font-weight ); letter-spacing: var( --e-global-typography-text-letter-spacing ); text-transform: var( --e-global-typography-text-text-transform ); text-align: var(--text-align); word-spacing: var( --e-global-typography-b2ce6af-word-spacing );\">A. thaliana<\/em><span style=\"color: var( --e-global-color-text ); font-family: var( --e-global-typography-text-font-family ), Outfit; font-size: var( --e-global-typography-text-font-size ); font-style: var( --e-global-typography-text-font-style ); font-weight: var( --e-global-typography-text-font-weight ); letter-spacing: var( --e-global-typography-text-letter-spacing ); text-transform: var( --e-global-typography-text-text-transform ); text-align: var(--text-align); word-spacing: var( --e-global-typography-b2ce6af-word-spacing );\">.&nbsp;<\/span><span style=\"color: var( --e-global-color-text ); font-family: var( --e-global-typography-text-font-family ), Outfit; font-size: var( --e-global-typography-text-font-size ); font-style: var( --e-global-typography-text-font-style ); font-weight: var( --e-global-typography-text-font-weight ); letter-spacing: var( --e-global-typography-text-letter-spacing ); text-transform: var( --e-global-typography-text-text-transform ); text-align: var(--text-align); word-spacing: var( --e-global-typography-b2ce6af-word-spacing );\">Referencia: Annual Review of Plant Biology, 2023.<\/span><\/p>\n<p>Estos art\u00edculos proporcionan una visi\u00f3n completa de c\u00f3mo la tecnolog\u00eda LED est\u00e1 siendo utilizada para optimizar las condiciones de cultivo de&nbsp;<em>Arabidopsis thaliana<\/em>, permitiendo avances significativos en la comprensi\u00f3n de su biolog\u00eda y fisiolog\u00eda.<\/p>\n<p>En AGBIOSUPPLY, no solo nos preocupamos por la calidad de nuestros productos, sino que tambi\u00e9n entendemos los desaf\u00edos diarios que enfrentan nuestros clientes. Proporcionamos soluciones personalizadas que satisfacen sus necesidades actuales y anticipan sus futuras demandas, asegurando que cada inversi\u00f3n en nuestra tecnolog\u00eda sea una decisi\u00f3n estrat\u00e9gica y segura.<\/p>\t\t\t\t\t\t\t\t<\/div>\n\t\t\t\t<\/div>\n\t\t\t\t\t<\/div>\n\t\t\t\t<\/div>\n\t\t\t\t\t<\/div>\n\t\t\t\t<\/div>\n\t\t<div class=\"elementor-element elementor-element-3d0d0bea e-flex e-con-boxed wpr-particle-no wpr-jarallax-no wpr-parallax-no wpr-sticky-section-no wpr-equal-height-no e-con e-parent\" data-id=\"3d0d0bea\" data-element_type=\"container\" data-e-type=\"container\" data-settings=\"{&quot;background_background&quot;:&quot;classic&quot;}\">\n\t\t\t\t\t<div class=\"e-con-inner\">\n\t\t<div class=\"elementor-element elementor-element-42e48041 e-flex e-con-boxed wpr-particle-no wpr-jarallax-no wpr-parallax-no wpr-sticky-section-no wpr-equal-height-no e-con e-child\" data-id=\"42e48041\" data-element_type=\"container\" data-e-type=\"container\">\n\t\t\t\t\t<div class=\"e-con-inner\">\n\t\t\t\t<div class=\"elementor-element elementor-element-72b53b0c elementor-widget elementor-widget-heading\" data-id=\"72b53b0c\" data-element_type=\"widget\" data-e-type=\"widget\" data-widget_type=\"heading.default\">\n\t\t\t\t<div class=\"elementor-widget-container\">\n\t\t\t\t\t<h1 class=\"elementor-heading-title elementor-size-xl\">Contacta con nosotros hoy mismo para saber m\u00e1s sobre nuestros servicios<\/h1>\t\t\t\t<\/div>\n\t\t\t\t<\/div>\n\t\t\t\t\t<\/div>\n\t\t\t\t<\/div>\n\t\t\t\t\t<\/div>\n\t\t\t\t<\/div>\n\t\t<div class=\"elementor-element elementor-element-6ca454b1 e-flex e-con-boxed wpr-particle-no wpr-jarallax-no wpr-parallax-no wpr-sticky-section-no wpr-equal-height-no elementor-invisible e-con e-parent\" data-id=\"6ca454b1\" data-element_type=\"container\" data-e-type=\"container\" data-settings=\"{&quot;background_background&quot;:&quot;classic&quot;,&quot;animation&quot;:&quot;fadeInRight&quot;}\">\n\t\t\t\t\t<div class=\"e-con-inner\">\n\t\t<div class=\"elementor-element elementor-element-1842f501 e-con-full e-flex wpr-particle-no wpr-jarallax-no wpr-parallax-no wpr-sticky-section-no wpr-equal-height-no e-con e-child\" data-id=\"1842f501\" data-element_type=\"container\" data-e-type=\"container\">\n\t\t\t\t<div class=\"elementor-element elementor-element-d0a8423 elementor-align-center elementor-widget elementor-widget-button\" data-id=\"d0a8423\" data-element_type=\"widget\" data-e-type=\"widget\" data-widget_type=\"button.default\">\n\t\t\t\t<div class=\"elementor-widget-container\">\n\t\t\t\t\t\t\t\t\t<div class=\"elementor-button-wrapper\">\n\t\t\t\t\t<a class=\"elementor-button elementor-button-link elementor-size-sm\" href=\"https:\/\/agbiosupply.com\/index.php\/contacto\/\">\n\t\t\t\t\t\t<span class=\"elementor-button-content-wrapper\">\n\t\t\t\t\t\t\t\t\t<span class=\"elementor-button-text\">M\u00e1s informaci\u00f3n<\/span>\n\t\t\t\t\t<\/span>\n\t\t\t\t\t<\/a>\n\t\t\t\t<\/div>\n\t\t\t\t\t\t\t\t<\/div>\n\t\t\t\t<\/div>\n\t\t\t\t<\/div>\n\t\t\t\t\t<\/div>\n\t\t\t\t<\/div>\n\t\t\t\t<\/div>\n\t\t","protected":false},"excerpt":{"rendered":"<p>En pocas palabras, la eficacia mide la efectividad con la que una luminaria convierte la energ\u00eda el\u00e9ctrica en fotones fotosint\u00e9ticos y se mide como la relaci\u00f3n entre la potencia de salida de luz y la potencia de entrada el\u00e9ctrica (W\/W). La eficiencia indica la eficacia con la que un dispositivo de iluminaci\u00f3n convierte la energ\u00eda el\u00e9ctrica en energ\u00eda luminosa y se mide como la relaci\u00f3n entre la producci\u00f3n de fotones fotosint\u00e9ticos y la potencia el\u00e9ctrica de entrada (\u03bcmol\/J).<\/p>\n","protected":false},"author":3,"featured_media":3066,"comment_status":"closed","ping_status":"closed","sticky":false,"template":"elementor_header_footer","format":"standard","meta":{"_eb_attr":"","footnotes":""},"categories":[137,140],"tags":[],"class_list":["post-3070","post","type-post","status-publish","format-standard","has-post-thumbnail","hentry","category-ciencia-y-desarrollo","category-laboratorio"],"_links":{"self":[{"href":"https:\/\/agbiosupply.com\/index.php\/wp-json\/wp\/v2\/posts\/3070","targetHints":{"allow":["GET"]}}],"collection":[{"href":"https:\/\/agbiosupply.com\/index.php\/wp-json\/wp\/v2\/posts"}],"about":[{"href":"https:\/\/agbiosupply.com\/index.php\/wp-json\/wp\/v2\/types\/post"}],"author":[{"embeddable":true,"href":"https:\/\/agbiosupply.com\/index.php\/wp-json\/wp\/v2\/users\/3"}],"replies":[{"embeddable":true,"href":"https:\/\/agbiosupply.com\/index.php\/wp-json\/wp\/v2\/comments?post=3070"}],"version-history":[{"count":38,"href":"https:\/\/agbiosupply.com\/index.php\/wp-json\/wp\/v2\/posts\/3070\/revisions"}],"predecessor-version":[{"id":3184,"href":"https:\/\/agbiosupply.com\/index.php\/wp-json\/wp\/v2\/posts\/3070\/revisions\/3184"}],"wp:featuredmedia":[{"embeddable":true,"href":"https:\/\/agbiosupply.com\/index.php\/wp-json\/wp\/v2\/media\/3066"}],"wp:attachment":[{"href":"https:\/\/agbiosupply.com\/index.php\/wp-json\/wp\/v2\/media?parent=3070"}],"wp:term":[{"taxonomy":"category","embeddable":true,"href":"https:\/\/agbiosupply.com\/index.php\/wp-json\/wp\/v2\/categories?post=3070"},{"taxonomy":"post_tag","embeddable":true,"href":"https:\/\/agbiosupply.com\/index.php\/wp-json\/wp\/v2\/tags?post=3070"}],"curies":[{"name":"wp","href":"https:\/\/api.w.org\/{rel}","templated":true}]}}